{"id":3452,"date":"2025-01-09T12:00:26","date_gmt":"2025-01-09T10:00:26","guid":{"rendered":"https:\/\/vorschau.edr.eu\/?p=3452"},"modified":"2025-07-15T11:36:18","modified_gmt":"2025-07-15T09:36:18","slug":"evenement-dat-grenzen-verbindt-op-27-maart-2025","status":"publish","type":"post","link":"https:\/\/edr.eu\/nl\/veranstaltung-grenzen-verbinden-am-27-maerz-2025\/","title":{"rendered":"Bijeenkomst \u2018\u2018Grenzen verbinden\u2019\u2019 op 27 maart 2025"},"content":{"rendered":"<div data-elementor-type=\"wp-post\" data-elementor-id=\"3452\" class=\"elementor elementor-3452\" data-elementor-settings=\"{&quot;ha_cmc_init_switcher&quot;:&quot;no&quot;}\" data-elementor-post-type=\"post\">\n\t\t\t\t\t\t<section class=\"elementor-section elementor-top-section elementor-element elementor-element-c3f67fe elementor-section-boxed elementor-section-height-default elementor-section-height-default\" data-id=\"c3f67fe\" data-element_type=\"section\" data-e-type=\"section\" data-settings=\"{&quot;_ha_eqh_enable&quot;:false}\">\n\t\t\t\t\t\t<div class=\"elementor-container elementor-column-gap-default\">\n\t\t\t\t\t<div class=\"elementor-column elementor-col-100 elementor-top-column elementor-element elementor-element-7902c4f\" data-id=\"7902c4f\" data-element_type=\"column\" data-e-type=\"column\">\n\t\t\t<div class=\"elementor-widget-wrap elementor-element-populated\">\n\t\t\t\t\t\t<div class=\"elementor-element elementor-element-90e48bd elementor-widget elementor-widget-text-editor\" data-id=\"90e48bd\" data-element_type=\"widget\" data-e-type=\"widget\" data-widget_type=\"text-editor.default\">\n\t\t\t\t<div class=\"elementor-widget-container\">\n\t\t\t\t\t\t\t\t\t<p>Op donderdag 27 maart organiseren de regionale programmamanagements EUREGIO en EDR van het Interreg Deutschland-Nederland programma een netwerkbijeenkomst op de Campus Lingen van de Hochschule Osnabr\u00fcck voor iedereen met interesse in Duits-Nederlandse samenwerking.<\/p><p>Centraal op deze dag staat het opdoen van nieuwe contacten en het deelnemen aan praktische workshops met adviezen van programmamedewerkers over o.a. de aanvraagprocedure, het vormen van projectconsortia, het financieringsplan en interculturele communicatie.<\/p><p>U bent van harte welkom om deel te nemen!<br \/>Tijdens de workshops is er tijd en ruimte om al bestaande projectidee\u00ebn te bespreken, maar ook kunnen compleet nieuwe idee\u00ebn worden bedacht of voorgesteld. Gezamenlijk zullen we ingaan op de omzetting van alle idee\u00ebn in concrete Interreg-aanvragen en uitdagingen die daarbij komen kijken. Daarnaast zullen projectpartners uit lopende projecten hun ervaringen delen. Aan het einde van het programma heeft u kennisgemaakt met nieuwe potenti\u00eble samenwerkingspartners en weet u dankzij het contact met de programmamedewerkers over hoe de vervolgstappen naar een sterke projectaanvraag eruitzien.<\/p><p>Het globale programma van de bijeenkomst is hieronder weergeven. Daarnaast is\u00a0<a href=\"https:\/\/docs.google.com\/forms\/d\/e\/1FAIpQLSc6IIPRJCtLmLxwMEfVhTCDxD4m8JuRO6z4JmGv3FRp_2EjDQ\/viewform\" target=\"_blank\" rel=\"noreferrer noopener\">deze aanmeldlink<\/a>\u00a0beschikbaar gesteld. Bij de aanmelding worden de deelnemers verzocht om alvast een voorkeur door te geven voor de workshoprondes, zodat de organisatie rekening kan houden met voldoende capaciteiten. De volgende workshops kunnen gekozen worden:<\/p><p>Workshop 1: \u201cSamen meer bereiken: Interculturele communicatie in Duits-Nederlandse projecten\u201d.<br \/>Ontdek op een praktische manier hoe je culturele verschillen kunt overwinnen en synergie kunt cre\u00ebren in binationaal samengestelde teams.<\/p><p>Workshop 2: \u201cHet perfecte team: succesvol consortia bouwen voor Duits-Nederlandse projecten\u201d.<br \/>Leer hoe je de juiste partners vindt, samenwerkingsverbanden versterkt en duurzame netwerken opbouwt.<\/p><p>Workshop 3: \u201cProjectmanagement en financi\u00ebn onder controle: Succesvol plannen, begroten en uitvoeren\u201d.<br \/>Leer hoe je je project effici\u00ebnt kunt managen, budgetten kunt plannen en de financi\u00eble vereisten van het Interreg-programma onder de knie kunt krijgen.<\/p><p>Workshop 4: \u201cJouw weg naar succes: Hoe scoor je punten met een overtuigende subsidieaanvraag?<br \/>Krijg inzicht in de succesfactoren van een overtuigende Interreg aanvraag en leer hoe je je kansen op goedkeuring kunt vergroten.<\/p><p>Voor meer informatie over het subsidieprogramma Interreg Deutschland-Nederland en de doelen van het programma kunt u graag de volgende website raadplegen:\u00a0<a href=\"https:\/\/deutschland-nederland.eu\/nl\/\" rel=\"noopener\">https:\/\/deutschland-nederland.eu\/nl\/<\/a><\/p>\t\t\t\t\t\t\t\t<\/div>\n\t\t\t\t<\/div>\n\t\t\t\t<div class=\"elementor-element elementor-element-791b5fe elementor-widget elementor-widget-button\" data-id=\"791b5fe\" data-element_type=\"widget\" data-e-type=\"widget\" data-widget_type=\"button.default\">\n\t\t\t\t<div class=\"elementor-widget-container\">\n\t\t\t\t\t\t\t\t\t<div class=\"elementor-button-wrapper\">\n\t\t\t\t\t<a class=\"elementor-button elementor-button-link elementor-size-sm\" href=\"\/netzwerkveranstaltung-grenzen-verbinden-in-lingen-ems\/\">\n\t\t\t\t\t\t<span class=\"elementor-button-content-wrapper\">\n\t\t\t\t\t\t\t\t\t<span class=\"elementor-button-text\">Meer info &amp; inschrijven<\/span>\n\t\t\t\t\t<\/span>\n\t\t\t\t\t<\/a>\n\t\t\t\t<\/div>\n\t\t\t\t\t\t\t\t<\/div>\n\t\t\t\t<\/div>\n\t\t\t\t<div class=\"elementor-element elementor-element-8a41dd4 elementor-widget elementor-widget-image\" data-id=\"8a41dd4\" data-element_type=\"widget\" data-e-type=\"widget\" data-widget_type=\"image.default\">\n\t\t\t\t<div class=\"elementor-widget-container\">\n\t\t\t\t\t\t\t\t\t\t\t\t\t\t\t<img fetchpriority=\"high\" decoding=\"async\" width=\"707\" height=\"1000\" src=\"https:\/\/edr.eu\/wp-content\/uploads\/2025\/02\/grenzen-verbinden-einladung-27-03-2025.jpg\" class=\"attachment-large size-large wp-image-3457\" alt=\"Grafische uitnodiging voor het evenement Randen verbinden\" srcset=\"https:\/\/edr.eu\/wp-content\/uploads\/2025\/02\/grenzen-verbinden-einladung-27-03-2025.jpg 707w, https:\/\/edr.eu\/wp-content\/uploads\/2025\/02\/grenzen-verbinden-einladung-27-03-2025-212x300.jpg 212w, https:\/\/edr.eu\/wp-content\/uploads\/2025\/02\/grenzen-verbinden-einladung-27-03-2025-8x12.jpg 8w\" sizes=\"(max-width: 707px) 100vw, 707px\" \/>\t\t\t\t\t\t\t\t\t\t\t\t\t\t\t<\/div>\n\t\t\t\t<\/div>\n\t\t\t\t\t<\/div>\n\t\t<\/div>\n\t\t\t\t\t<\/div>\n\t\t<\/section>\n\t\t\t\t<\/div>","protected":false},"excerpt":{"rendered":"<p>Onthoud de datum<\/p>","protected":false},"author":13,"featured_media":3458,"comment_status":"closed","ping_status":"closed","sticky":false,"template":"elementor_theme","format":"standard","meta":{"footnotes":""},"categories":[1],"tags":[],"wf_post_folders":[],"class_list":["post-3452","post","type-post","status-publish","format-standard","has-post-thumbnail","hentry","category-uncategorized"],"_links":{"self":[{"href":"https:\/\/edr.eu\/nl\/wp-json\/wp\/v2\/posts\/3452","targetHints":{"allow":["GET"]}}],"collection":[{"href":"https:\/\/edr.eu\/nl\/wp-json\/wp\/v2\/posts"}],"about":[{"href":"https:\/\/edr.eu\/nl\/wp-json\/wp\/v2\/types\/post"}],"author":[{"embeddable":true,"href":"https:\/\/edr.eu\/nl\/wp-json\/wp\/v2\/users\/13"}],"replies":[{"embeddable":true,"href":"https:\/\/edr.eu\/nl\/wp-json\/wp\/v2\/comments?post=3452"}],"version-history":[{"count":5,"href":"https:\/\/edr.eu\/nl\/wp-json\/wp\/v2\/posts\/3452\/revisions"}],"predecessor-version":[{"id":5358,"href":"https:\/\/edr.eu\/nl\/wp-json\/wp\/v2\/posts\/3452\/revisions\/5358"}],"wp:featuredmedia":[{"embeddable":true,"href":"https:\/\/edr.eu\/nl\/wp-json\/wp\/v2\/media\/3458"}],"wp:attachment":[{"href":"https:\/\/edr.eu\/nl\/wp-json\/wp\/v2\/media?parent=3452"}],"wp:term":[{"taxonomy":"category","embeddable":true,"href":"https:\/\/edr.eu\/nl\/wp-json\/wp\/v2\/categories?post=3452"},{"taxonomy":"post_tag","embeddable":true,"href":"https:\/\/edr.eu\/nl\/wp-json\/wp\/v2\/tags?post=3452"},{"taxonomy":"wf_post_folders","embeddable":true,"href":"https:\/\/edr.eu\/nl\/wp-json\/wp\/v2\/wf_post_folders?post=3452"}],"curies":[{"name":"wp","href":"https:\/\/api.w.org\/{rel}","templated":true}]}}